{"id":2737,"date":"2026-02-16T14:58:04","date_gmt":"2026-02-16T14:58:04","guid":{"rendered":"https:\/\/www.drpectus.com\/?p=2737"},"modified":"2026-02-16T14:58:39","modified_gmt":"2026-02-16T14:58:39","slug":"pectus-carinatum-korse-tedavisi-ne-kadar-surer","status":"publish","type":"post","link":"https:\/\/www.drpectus.com\/tr\/pectus-carinatum-korse-tedavisi-ne-kadar-surer\/","title":{"rendered":"Pectus Carinatum Korse Tedavisi Ne Kadar S\u00fcrer?"},"content":{"rendered":"[vc_row type=&#8221;in_container&#8221; full_screen_row_position=&#8221;middle&#8221; column_margin=&#8221;default&#8221; column_direction=&#8221;default&#8221; column_direction_tablet=&#8221;default&#8221; column_direction_phone=&#8221;default&#8221; scene_position=&#8221;center&#8221; text_color=&#8221;dark&#8221; text_align=&#8221;left&#8221; row_border_radius=&#8221;none&#8221; row_border_radius_applies=&#8221;bg&#8221; overflow=&#8221;visible&#8221; overlay_strength=&#8221;0.3&#8243; gradient_direction=&#8221;left_to_right&#8221; shape_divider_position=&#8221;bottom&#8221; bg_image_animation=&#8221;none&#8221;][vc_column column_padding=&#8221;no-extra-padding&#8221; column_padding_tablet=&#8221;inherit&#8221; column_padding_phone=&#8221;inherit&#8221; column_padding_position=&#8221;all&#8221; column_element_direction_desktop=&#8221;default&#8221; column_element_spacing=&#8221;default&#8221; desktop_text_alignment=&#8221;default&#8221; tablet_text_alignment=&#8221;default&#8221; phone_text_alignment=&#8221;default&#8221; background_color_opacity=&#8221;1&#8243; background_hover_color_opacity=&#8221;1&#8243; column_backdrop_filter=&#8221;none&#8221; column_shadow=&#8221;none&#8221; column_border_radius=&#8221;none&#8221; column_link_target=&#8221;_self&#8221; column_position=&#8221;default&#8221; gradient_direction=&#8221;left_to_right&#8221; overlay_strength=&#8221;0.3&#8243; width=&#8221;1\/1&#8243; tablet_width_inherit=&#8221;default&#8221; animation_type=&#8221;default&#8221; bg_image_animation=&#8221;none&#8221; border_type=&#8221;simple&#8221; column_border_width=&#8221;none&#8221; column_border_style=&#8221;solid&#8221;][vc_column_text css=&#8221;&#8221; text_direction=&#8221;default&#8221;]\n<p class=\"p3\"><b>Pectus carinatum (g\u00f6\u011f\u00fcs kafesi \u00e7\u0131k\u0131nt\u0131s\u0131)<\/b> i\u00e7in uygulanan korse tedavisinin s\u00fcresi ki\u015fiye g\u00f6re de\u011fi\u015fir; ancak <b>ortalama 6 ay ile 24 ay<\/b> aras\u0131nda tamamlan\u0131r. S\u00fcreyi belirleyen en \u00f6nemli fakt\u00f6rler deformitenin derecesi, hastan\u0131n ya\u015f\u0131 ve korsenin d\u00fczenli kullan\u0131m\u0131d\u0131r.<\/p>\n<p class=\"p3\">A\u015fa\u011f\u0131da s\u00fcreyi etkileyen t\u00fcm detaylar\u0131 net ba\u015fl\u0131klar alt\u0131nda bulabilirsin.<\/p>\n<p class=\"p1\"><b>Ortalama Tedavi S\u00fcreleri<\/b><\/p>\n<p class=\"p5\"><b>Hafif Dereceli Pectus Carinatum<\/b><\/p>\n<ul class=\"ul1\">\n<li class=\"li3\"><b>3\u20136 ay:<\/b> Belirgin d\u00fczelme ba\u015flar<\/li>\n<li class=\"li3\"><b>6\u20139 ay:<\/b> Tedavi b\u00fcy\u00fck \u00f6l\u00e7\u00fcde tamamlan\u0131r<\/li>\n<\/ul>\n<p class=\"p5\"><b>Orta Dereceli Pectus Carinatum<\/b><\/p>\n<ul class=\"ul1\">\n<li class=\"li3\"><b>6\u201312 ay:<\/b> G\u00f6zle g\u00f6r\u00fcl\u00fcr d\u00fczelme<\/li>\n<li class=\"li3\"><b>12\u201318 ay:<\/b> Stabil ve kal\u0131c\u0131 sonu\u00e7<\/li>\n<\/ul>\n<p class=\"p5\"><b>\u0130leri Dereceli Pectus Carinatum<\/b><\/p>\n<ul class=\"ul1\">\n<li class=\"li3\"><b>12\u201324 ay:<\/b> Kontroll\u00fc ve kademeli d\u00fczelme<\/li>\n<li class=\"li3\">Baz\u0131 vakalarda cerrahi alternatifler g\u00fcndeme gelebilir<\/li>\n<\/ul>\n<p class=\"p1\"><b>Ya\u015f Tedavi S\u00fcresini Nas\u0131l Etkiler?<\/b><\/p>\n<p class=\"p5\"><b>\u00c7ocuklar ve Ergenler (8\u201318 ya\u015f)<\/b><\/p>\n<ul class=\"ul1\">\n<li class=\"li3\">G\u00f6\u011f\u00fcs kafesi daha esnektir<\/li>\n<li class=\"li3\">Korseye yan\u0131t daha h\u0131zl\u0131d\u0131r<\/li>\n<li class=\"li3\">Tedavi s\u00fcresi genellikle <b>daha k\u0131sad\u0131r<\/b><b><\/b><\/li>\n<li class=\"li3\">Kal\u0131c\u0131l\u0131k oran\u0131 y\u00fcksektir<\/li>\n<\/ul>\n<p class=\"p5\"><b>Yeti\u015fkinler<\/b><\/p>\n<ul class=\"ul1\">\n<li class=\"li3\">Kemik yap\u0131s\u0131 daha serttir<\/li>\n<li class=\"li3\">Tedavi s\u00fcresi uzayabilir<\/li>\n<li class=\"li3\">D\u00fczenli kullan\u0131m \u015fartt\u0131r<\/li>\n<li class=\"li3\">Sonu\u00e7lar daha yava\u015f al\u0131n\u0131r<\/li>\n<\/ul>\n<p class=\"p1\"><b>G\u00fcnl\u00fck Korse Kullan\u0131m S\u00fcresi<\/b><\/p>\n<p class=\"p3\">Ba\u015far\u0131l\u0131 bir tedavi i\u00e7in korsenin <b>g\u00fcnde ortalama 14\u201323 saat<\/b> kullan\u0131lmas\u0131 \u00f6nerilir.<\/p>\n<ul class=\"ul1\">\n<li class=\"li3\">\u0130lk haftalarda daha d\u00fc\u015f\u00fck saatlerle ba\u015flan\u0131r<\/li>\n<li class=\"li3\">Cilt uyumu sa\u011fland\u0131k\u00e7a s\u00fcre art\u0131r\u0131l\u0131r<\/li>\n<li class=\"li3\">Kontrollerde bas\u0131n\u00e7 ayarlamalar\u0131 yap\u0131l\u0131r<\/li>\n<\/ul>\n<p class=\"p3\">Korse ne kadar <b>d\u00fczenli ve do\u011fru<\/b> kullan\u0131l\u0131rsa, tedavi s\u00fcresi o kadar k\u0131sal\u0131r.<\/p>\n<p class=\"p1\"><b>Tedavinin A\u015famalar\u0131<\/b><\/p>\n<p class=\"p5\"><b>1. Aktif D\u00fczeltme D\u00f6nemi<\/b><\/p>\n<ul class=\"ul1\">\n<li class=\"li3\">G\u00f6\u011f\u00fcs \u00e7\u0131k\u0131nt\u0131s\u0131na bas\u0131n\u00e7 uygulan\u0131r<\/li>\n<li class=\"li3\">\u015eekil de\u011fi\u015fikli\u011fi sa\u011flan\u0131r<\/li>\n<li class=\"li3\">En yo\u011fun ve kritik d\u00f6nemdir<\/li>\n<\/ul>\n<p class=\"p5\"><b>2. Koruma (Stabilizasyon) D\u00f6nemi<\/b><\/p>\n<ul class=\"ul1\">\n<li class=\"li3\">D\u00fczeltme sa\u011fland\u0131ktan sonra ba\u015flar<\/li>\n<li class=\"li3\">Korse kullan\u0131m s\u00fcresi kademeli azalt\u0131l\u0131r<\/li>\n<li class=\"li3\">N\u00fcks (geri d\u00f6n\u00fc\u015f) riski azalt\u0131l\u0131r<\/li>\n<\/ul>\n<p class=\"p3\">Bu ikinci d\u00f6nem genellikle <b>3\u20136 ay<\/b> s\u00fcrer.<\/p>\n<p class=\"p1\"><b>Korse Tedavisi Kal\u0131c\u0131 m\u0131?<\/b><\/p>\n<p class=\"p3\">Evet, <b>do\u011fru hasta se\u00e7imi ve d\u00fczenli kullan\u0131m<\/b> ile korse tedavisi kal\u0131c\u0131 sonu\u00e7lar sa\u011flayabilir. \u00d6zellikle b\u00fcy\u00fcme \u00e7a\u011f\u0131nda tedavi edilen hastalarda sonu\u00e7lar uzun vadede korunur.<\/p>\n<p class=\"p3\">Tedavi sonras\u0131:<\/p>\n<ul class=\"ul1\">\n<li class=\"li3\">Post\u00fcr egzersizleri<\/li>\n<li class=\"li3\">G\u00f6\u011f\u00fcs ve s\u0131rt kaslar\u0131n\u0131 g\u00fc\u00e7lendiren sporlar<\/li>\n<li class=\"li3\">Doktor kontrolleri<\/li>\n<\/ul>\n<p class=\"p3\">kal\u0131c\u0131l\u0131\u011f\u0131 art\u0131r\u0131r.<\/p>\n<p class=\"p1\"><b>Korse Tedavisinde Ba\u015far\u0131y\u0131 Etkileyen Fakt\u00f6rler<\/b><\/p>\n<ul class=\"ul1\">\n<li class=\"li3\">Korseye g\u00fcnl\u00fck uyum<\/li>\n<li class=\"li3\">Do\u011fru bas\u0131n\u00e7 ayar\u0131<\/li>\n<li class=\"li3\">D\u00fczenli hekim kontrolleri<\/li>\n<li class=\"li3\">Hastan\u0131n motivasyonu<\/li>\n<li class=\"li3\">Aile deste\u011fi (\u00f6zellikle \u00e7ocuklarda)<\/li>\n<\/ul>\n<p class=\"p1\"><b>Sonu\u00e7<\/b><\/p>\n<p class=\"p3\">Pectus carinatum korse tedavisi genellikle <b>6\u201324 ay<\/b> aras\u0131nda s\u00fcrer. En h\u0131zl\u0131 ve kal\u0131c\u0131 sonu\u00e7lar, erken ya\u015fta ba\u015flanan ve d\u00fczenli uygulanan tedavilerde elde edilir. Cerrahiye gerek kalmadan g\u00f6\u011f\u00fcs kafesi \u015feklini d\u00fczeltmek m\u00fcmk\u00fcn olabilir; ancak her hasta mutlaka uzman taraf\u0131ndan de\u011ferlendirilmelidir.<\/p>\n[\/vc_column_text][\/vc_column][\/vc_row]\n","protected":false},"excerpt":{"rendered":"<p>[vc_row type=&#8221;in_container&#8221; full_screen_row_position=&#8221;middle&#8221; column_margin=&#8221;default&#8221; column_direction=&#8221;default&#8221; column_direction_tablet=&#8221;default&#8221; column_direction_phone=&#8221;default&#8221; scene_position=&#8221;center&#8221; text_color=&#8221;dark&#8221; text_align=&#8221;left&#8221; row_border_radius=&#8221;none&#8221; row_border_radius_applies=&#8221;bg&#8221; overflow=&#8221;visible&#8221; overlay_strength=&#8221;0.3&#8243; gradient_direction=&#8221;left_to_right&#8221; shape_divider_position=&#8221;bottom&#8221; bg_image_animation=&#8221;none&#8221;][vc_column column_padding=&#8221;no-extra-padding&#8221; column_padding_tablet=&#8221;inherit&#8221; column_padding_phone=&#8221;inherit&#8221; column_padding_position=&#8221;all&#8221; column_element_direction_desktop=&#8221;default&#8221; column_element_spacing=&#8221;default&#8221; desktop_text_alignment=&#8221;default&#8221; tablet_text_alignment=&#8221;default&#8221; phone_text_alignment=&#8221;default&#8221; background_color_opacity=&#8221;1&#8243; background_hover_color_opacity=&#8221;1&#8243; column_backdrop_filter=&#8221;none&#8221; column_shadow=&#8221;none&#8221;&#8230;<\/p>\n","protected":false},"author":1,"featured_media":0,"comment_status":"open","ping_status":"open","sticky":false,"template":"","format":"standard","meta":{"footnotes":""},"categories":[9],"tags":[],"class_list":{"0":"post-2737","1":"post","2":"type-post","3":"status-publish","4":"format-standard","6":"category-dr-pectus"},"_links":{"self":[{"href":"https:\/\/www.drpectus.com\/tr\/wp-json\/wp\/v2\/posts\/2737","targetHints":{"allow":["GET"]}}],"collection":[{"href":"https:\/\/www.drpectus.com\/tr\/wp-json\/wp\/v2\/posts"}],"about":[{"href":"https:\/\/www.drpectus.com\/tr\/wp-json\/wp\/v2\/types\/post"}],"author":[{"embeddable":true,"href":"https:\/\/www.drpectus.com\/tr\/wp-json\/wp\/v2\/users\/1"}],"replies":[{"embeddable":true,"href":"https:\/\/www.drpectus.com\/tr\/wp-json\/wp\/v2\/comments?post=2737"}],"version-history":[{"count":3,"href":"https:\/\/www.drpectus.com\/tr\/wp-json\/wp\/v2\/posts\/2737\/revisions"}],"predecessor-version":[{"id":2740,"href":"https:\/\/www.drpectus.com\/tr\/wp-json\/wp\/v2\/posts\/2737\/revisions\/2740"}],"wp:attachment":[{"href":"https:\/\/www.drpectus.com\/tr\/wp-json\/wp\/v2\/media?parent=2737"}],"wp:term":[{"taxonomy":"category","embeddable":true,"href":"https:\/\/www.drpectus.com\/tr\/wp-json\/wp\/v2\/categories?post=2737"},{"taxonomy":"post_tag","embeddable":true,"href":"https:\/\/www.drpectus.com\/tr\/wp-json\/wp\/v2\/tags?post=2737"}],"curies":[{"name":"wp","href":"https:\/\/api.w.org\/{rel}","templated":true}]}}